{"id":17933,"date":"2020-07-27T21:00:00","date_gmt":"2020-07-27T19:00:00","guid":{"rendered":"https:\/\/dirkvanbabylon.com\/?p=17933"},"modified":"2026-09-04T09:46:17","modified_gmt":"2026-09-04T07:46:17","slug":"la-deuxieme-vague-de-coronavirus-que-vaut-il-mieux-faire-ou-ne-pas-faire","status":"publish","type":"post","link":"https:\/\/dirkvanbabylon.com\/fr\/medecine-generale\/covid-19-fr\/la-deuxieme-vague-de-coronavirus-que-vaut-il-mieux-faire-ou-ne-pas-faire\/","title":{"rendered":"La deuxi\u00e8me vague de coronavirus \u2013 que vaut-il mieux faire ou ne pas faire ?"},"content":{"rendered":"<p><span style=\"font-weight: 400;\">Les virologues et les experts craignent que la deuxi\u00e8me vague de coronavirus ait commenc\u00e9 en Belgique. Au cours des sept derniers jours, notre pays a enregistr\u00e9 en moyenne 143 nouvelles contaminations chaque jour. Il s\u2019agit d\u2019une forte augmentation par rapport \u00e0 la semaine pr\u00e9c\u00e9dente, o\u00f9 la moyenne quotidienne n\u2019\u00e9tait encore que de 89 cas. La deuxi\u00e8me vague a-t-elle commenc\u00e9 et devons-nous d\u00e9j\u00e0 renoncer aux libert\u00e9s que nous venons r\u00e9cemment de retrouver ? Nous avons demand\u00e9 conseil au m\u00e9decin g\u00e9n\u00e9raliste Peter van Breusegem.<\/span><\/p>\n<h3><b>Peter, as-tu quelques conseils \u00e0 donner aux lecteurs ? Que vaut-il mieux faire ou ne pas faire en cette p\u00e9riode d\u00e9routante ?<\/b><\/h3>\n<p><span style=\"font-weight: 400;\">\u00ab Premi\u00e8rement, \u00e9valuez votre propre risque. Quelle est la probabilit\u00e9 que vous soyez contamin\u00e9 par le virus ? Si vous \u00eates, par exemple, diab\u00e9tique, vous devez \u00eatre particuli\u00e8rement prudent et \u00e9viter de prendre des risques inutiles. Deuxi\u00e8mement, demandez-vous quelle est votre disposition \u00e0 prendre des risques. Quelle quantit\u00e9 de risque \u00eates-vous vous-m\u00eame pr\u00eat \u00e0 courir et dans quelle mesure tenez-vous compte de votre entourage, notamment de vos proches ? Il faut aussi penser \u00e0 eux. Ce n\u2019est pas parce que vous \u00eates, par exemple, encore jeune que vous pouvez vous moquer de toutes les r\u00e8gles. Pensez aussi \u00e0 vos parents, \u00e0 vos grands-parents, etc., qui courent davantage de risques parce qu\u2019ils sont plus \u00e2g\u00e9s. Troisi\u00e8mement, restez inform\u00e9 et suivez l\u2019actualit\u00e9 avec un regard critique. Beaucoup de \u201cfake news\u201d circulent. Soyez-en conscient et ne vous laissez pas exciter par les semeurs de panique. Quatri\u00e8mement, consultez votre m\u00e9decin g\u00e9n\u00e9raliste si vous pensez \u00eatre contamin\u00e9. Vous pouvez vous y faire tester dans un environnement s\u00fbr. Ces tests ne sont toutefois pas toujours fiables. Ainsi, un test peut \u00eatre faussement n\u00e9gatif durant les premiers jours et il faut attendre la deuxi\u00e8me semaine, car la probabilit\u00e9 de pouvoir d\u00e9tecter le virus est alors plus \u00e9lev\u00e9e. Il s\u2019agit du test PCR, qui co\u00fbte environ 46 euros. Si vous remplissez certaines conditions, l\u2019INAMI rembourse le test. Dans les autres cas, vous devez le payer vous-m\u00eame. Il existe \u00e9galement le test s\u00e9rologique, qui nous indique si une personne a \u00e9t\u00e9 en contact avec le virus dans le pass\u00e9. Il co\u00fbte un peu moins de 10 euros ou est gratuit pour les personnes qui remplissent certaines conditions. Cinqui\u00e8mement, si vous partez en voyage, personnellement, j\u2019\u00e9viterais l\u2019avion. J\u2019ai moi-m\u00eame r\u00e9serv\u00e9 un voyage en voiture et je reste donc dans ma bulle de s\u00e9curit\u00e9. Je trouve \u00e9galement le train relativement s\u00fbr, \u00e0 condition, bien entendu, de respecter les consignes de s\u00e9curit\u00e9 n\u00e9cessaires.<\/span><\/p>\n<p><span style=\"font-weight: 400;\">Bien entendu, chacun doit d\u00e9cider pour lui-m\u00eame du niveau de risque qu\u2019il est pr\u00eat \u00e0 prendre. Dans la mesure du possible, restez \u00e9galement en Europe et \u00e9vitez, par exemple, les \u00c9tats-Unis, o\u00f9 les autorit\u00e9s n\u2019ont toujours pas d\u00e9fini de politique claire et coh\u00e9rente pour endiguer le virus. Une fois arriv\u00e9 \u00e0 destination, respectez les consignes de s\u00e9curit\u00e9 en vigueur. J\u2019ai l\u2019impression que des mesures telles que le port du masque et la distanciation sociale portent bel et bien leurs fruits. \u00bb<\/span><\/p>\n<h3><b>En tant que m\u00e9decin g\u00e9n\u00e9raliste, es-tu pr\u00e9par\u00e9 \u00e0 une deuxi\u00e8me vague ?<\/b><\/h3>\n<p><span style=\"font-weight: 400;\">\u00ab Eh bien, la deuxi\u00e8me vague arrive un peu comme une surprise pour tout le monde. En tant que m\u00e9decin g\u00e9n\u00e9raliste, je dois avant tout remplir mon devoir : accueillir les patients, les soigner si n\u00e9cessaire et leur fournir des informations correctes. Ce n\u2019est certainement pas le moment de devenir hyst\u00e9rique et de terroriser les gens. Actuellement, il y a un certain nombre de d\u00e9c\u00e8s par jour, ce qui, relativement parlant, n\u2019est pas \u00e9norme. La question est \u00e9videmment de savoir si ce nombre va augmenter et s\u2019il peut devenir exponentiellement plus \u00e9lev\u00e9. Mais pour l\u2019instant, il n\u2019y a certainement aucune raison de paniquer. Rester calme et faire preuve de bon sens, tel est donc le message. \u00bb<\/span><\/p>\n<p><i><span style=\"font-weight: 400;\">Interview r\u00e9alis\u00e9e et \u00e9crite par Karolien Selhorst.<\/span><\/i><\/p>\n<p>&nbsp;<\/p>\n","protected":false},"excerpt":{"rendered":"<p>Les virologues et les experts craignent que la deuxi\u00e8me vague de coronavirus ait commenc\u00e9 en Belgique. Au cours des sept derniers jours, notre pays <a href=\"https:\/\/dirkvanbabylon.com\/fr\/medecine-generale\/covid-19-fr\/la-deuxieme-vague-de-coronavirus-que-vaut-il-mieux-faire-ou-ne-pas-faire\/\" class=\"more-link\">[&#8230;]<\/a><\/p>\n","protected":false},"author":2,"featured_media":13145,"comment_status":"open","ping_status":"closed","sticky":false,"template":"","format":"standard","meta":{"_acf_changed":false,"footnotes":""},"categories":[385],"tags":[331],"class_list":["post-17933","post","type-post","status-publish","format-standard","has-post-thumbnail","hentry","category-covid-19-fr","tag-peter-van-breusegem","authors-peter-van-breusegem"],"acf":[],"yoast_head":"<!-- This site is optimized with the Yoast SEO plugin v28.2 - https:\/\/yoast.com\/product\/yoast-seo-wordpress\/ -->\n<title>La deuxi\u00e8me vague de coronavirus \u2013 que vaut-il mieux faire ou ne pas faire ? - dirk van babylon<\/title>\n<meta name=\"robots\" content=\"index, follow, max-snippet:-1, max-image-preview:large, max-video-preview:-1\" \/>\n<link rel=\"canonical\" href=\"https:\/\/dirkvanbabylon.com\/fr\/medecine-generale\/covid-19-fr\/la-deuxieme-vague-de-coronavirus-que-vaut-il-mieux-faire-ou-ne-pas-faire\/\" \/>\n<meta property=\"og:locale\" content=\"fr_FR\" \/>\n<meta property=\"og:type\" content=\"article\" \/>\n<meta property=\"og:title\" content=\"La deuxi\u00e8me vague de coronavirus \u2013 que vaut-il mieux faire ou ne pas faire ? - dirk van babylon\" \/>\n<meta property=\"og:description\" content=\"Les virologues et les experts craignent que la deuxi\u00e8me vague de coronavirus ait commenc\u00e9 en Belgique. Au cours des sept derniers jours, notre pays [...]\" \/>\n<meta property=\"og:url\" content=\"https:\/\/dirkvanbabylon.com\/fr\/medecine-generale\/covid-19-fr\/la-deuxieme-vague-de-coronavirus-que-vaut-il-mieux-faire-ou-ne-pas-faire\/\" \/>\n<meta property=\"og:site_name\" content=\"dirk van babylon\" \/>\n<meta property=\"article:published_time\" content=\"2020-07-27T19:00:00+00:00\" \/>\n<meta property=\"article:modified_time\" content=\"2026-09-04T07:46:17+00:00\" \/>\n<meta property=\"og:image\" content=\"https:\/\/dirkvanbabylon.com\/wp-content\/uploads\/2024\/11\/protective-mask-5264814_640.jpg\" \/>\n\t<meta property=\"og:image:width\" content=\"640\" \/>\n\t<meta property=\"og:image:height\" content=\"640\" \/>\n\t<meta property=\"og:image:type\" content=\"image\/jpeg\" \/>\n<meta name=\"author\" content=\"Peter Van Breusegem\" \/>\n<meta name=\"twitter:card\" content=\"summary_large_image\" \/>\n<meta name=\"twitter:label1\" content=\"\u00c9crit par\" \/>\n\t<meta name=\"twitter:data1\" content=\"Peter Van Breusegem\" \/>\n\t<meta name=\"twitter:label2\" content=\"Dur\u00e9e de lecture estim\u00e9e\" \/>\n\t<meta name=\"twitter:data2\" content=\"3 minutes\" \/>\n<script type=\"application\/ld+json\" class=\"yoast-schema-graph\">{\"@context\":\"https:\\\/\\\/schema.org\",\"@graph\":[{\"@type\":\"Article\",\"@id\":\"https:\\\/\\\/dirkvanbabylon.com\\\/fr\\\/medecine-generale\\\/covid-19-fr\\\/la-deuxieme-vague-de-coronavirus-que-vaut-il-mieux-faire-ou-ne-pas-faire\\\/#article\",\"isPartOf\":{\"@id\":\"https:\\\/\\\/dirkvanbabylon.com\\\/fr\\\/medecine-generale\\\/covid-19-fr\\\/la-deuxieme-vague-de-coronavirus-que-vaut-il-mieux-faire-ou-ne-pas-faire\\\/\"},\"author\":{\"name\":\"Peter Van Breusegem\",\"@id\":\"https:\\\/\\\/dirkvanbabylon.com\\\/fr\\\/#\\\/schema\\\/person\\\/ec1ee63264a246a69e59d74097bd44ce\"},\"headline\":\"La deuxi\u00e8me vague de coronavirus \u2013 que vaut-il mieux faire ou ne pas faire ?\",\"datePublished\":\"2020-07-27T19:00:00+00:00\",\"dateModified\":\"2026-09-04T07:46:17+00:00\",\"mainEntityOfPage\":{\"@id\":\"https:\\\/\\\/dirkvanbabylon.com\\\/fr\\\/medecine-generale\\\/covid-19-fr\\\/la-deuxieme-vague-de-coronavirus-que-vaut-il-mieux-faire-ou-ne-pas-faire\\\/\"},\"wordCount\":704,\"commentCount\":0,\"image\":{\"@id\":\"https:\\\/\\\/dirkvanbabylon.com\\\/fr\\\/medecine-generale\\\/covid-19-fr\\\/la-deuxieme-vague-de-coronavirus-que-vaut-il-mieux-faire-ou-ne-pas-faire\\\/#primaryimage\"},\"thumbnailUrl\":\"https:\\\/\\\/dirkvanbabylon.com\\\/wp-content\\\/uploads\\\/2024\\\/11\\\/protective-mask-5264814_640.jpg\",\"keywords\":[\"Peter Van Breusegem\"],\"articleSection\":[\"COVID-19\"],\"inLanguage\":\"fr-FR\",\"potentialAction\":[{\"@type\":\"CommentAction\",\"name\":\"Comment\",\"target\":[\"https:\\\/\\\/dirkvanbabylon.com\\\/fr\\\/medecine-generale\\\/covid-19-fr\\\/la-deuxieme-vague-de-coronavirus-que-vaut-il-mieux-faire-ou-ne-pas-faire\\\/#respond\"]}]},{\"@type\":\"WebPage\",\"@id\":\"https:\\\/\\\/dirkvanbabylon.com\\\/fr\\\/medecine-generale\\\/covid-19-fr\\\/la-deuxieme-vague-de-coronavirus-que-vaut-il-mieux-faire-ou-ne-pas-faire\\\/\",\"url\":\"https:\\\/\\\/dirkvanbabylon.com\\\/fr\\\/medecine-generale\\\/covid-19-fr\\\/la-deuxieme-vague-de-coronavirus-que-vaut-il-mieux-faire-ou-ne-pas-faire\\\/\",\"name\":\"La deuxi\u00e8me vague de coronavirus \u2013 que vaut-il mieux faire ou ne pas faire ? - dirk van babylon\",\"isPartOf\":{\"@id\":\"https:\\\/\\\/dirkvanbabylon.com\\\/fr\\\/#website\"},\"primaryImageOfPage\":{\"@id\":\"https:\\\/\\\/dirkvanbabylon.com\\\/fr\\\/medecine-generale\\\/covid-19-fr\\\/la-deuxieme-vague-de-coronavirus-que-vaut-il-mieux-faire-ou-ne-pas-faire\\\/#primaryimage\"},\"image\":{\"@id\":\"https:\\\/\\\/dirkvanbabylon.com\\\/fr\\\/medecine-generale\\\/covid-19-fr\\\/la-deuxieme-vague-de-coronavirus-que-vaut-il-mieux-faire-ou-ne-pas-faire\\\/#primaryimage\"},\"thumbnailUrl\":\"https:\\\/\\\/dirkvanbabylon.com\\\/wp-content\\\/uploads\\\/2024\\\/11\\\/protective-mask-5264814_640.jpg\",\"datePublished\":\"2020-07-27T19:00:00+00:00\",\"dateModified\":\"2026-09-04T07:46:17+00:00\",\"author\":{\"@id\":\"https:\\\/\\\/dirkvanbabylon.com\\\/fr\\\/#\\\/schema\\\/person\\\/ec1ee63264a246a69e59d74097bd44ce\"},\"breadcrumb\":{\"@id\":\"https:\\\/\\\/dirkvanbabylon.com\\\/fr\\\/medecine-generale\\\/covid-19-fr\\\/la-deuxieme-vague-de-coronavirus-que-vaut-il-mieux-faire-ou-ne-pas-faire\\\/#breadcrumb\"},\"inLanguage\":\"fr-FR\",\"potentialAction\":[{\"@type\":\"ReadAction\",\"target\":[\"https:\\\/\\\/dirkvanbabylon.com\\\/fr\\\/medecine-generale\\\/covid-19-fr\\\/la-deuxieme-vague-de-coronavirus-que-vaut-il-mieux-faire-ou-ne-pas-faire\\\/\"]}]},{\"@type\":\"ImageObject\",\"inLanguage\":\"fr-FR\",\"@id\":\"https:\\\/\\\/dirkvanbabylon.com\\\/fr\\\/medecine-generale\\\/covid-19-fr\\\/la-deuxieme-vague-de-coronavirus-que-vaut-il-mieux-faire-ou-ne-pas-faire\\\/#primaryimage\",\"url\":\"https:\\\/\\\/dirkvanbabylon.com\\\/wp-content\\\/uploads\\\/2024\\\/11\\\/protective-mask-5264814_640.jpg\",\"contentUrl\":\"https:\\\/\\\/dirkvanbabylon.com\\\/wp-content\\\/uploads\\\/2024\\\/11\\\/protective-mask-5264814_640.jpg\",\"width\":640,\"height\":640},{\"@type\":\"BreadcrumbList\",\"@id\":\"https:\\\/\\\/dirkvanbabylon.com\\\/fr\\\/medecine-generale\\\/covid-19-fr\\\/la-deuxieme-vague-de-coronavirus-que-vaut-il-mieux-faire-ou-ne-pas-faire\\\/#breadcrumb\",\"itemListElement\":[{\"@type\":\"ListItem\",\"position\":1,\"name\":\"Home\",\"item\":\"https:\\\/\\\/dirkvanbabylon.com\\\/fr\\\/\"},{\"@type\":\"ListItem\",\"position\":2,\"name\":\"La deuxi\u00e8me vague de coronavirus \u2013 que vaut-il mieux faire ou ne pas faire ?\"}]},{\"@type\":\"WebSite\",\"@id\":\"https:\\\/\\\/dirkvanbabylon.com\\\/fr\\\/#website\",\"url\":\"https:\\\/\\\/dirkvanbabylon.com\\\/fr\\\/\",\"name\":\"dirk van babylon\",\"description\":\"\",\"potentialAction\":[{\"@type\":\"SearchAction\",\"target\":{\"@type\":\"EntryPoint\",\"urlTemplate\":\"https:\\\/\\\/dirkvanbabylon.com\\\/fr\\\/?s={search_term_string}\"},\"query-input\":{\"@type\":\"PropertyValueSpecification\",\"valueRequired\":true,\"valueName\":\"search_term_string\"}}],\"inLanguage\":\"fr-FR\"},{\"@type\":\"Person\",\"@id\":\"https:\\\/\\\/dirkvanbabylon.com\\\/fr\\\/#\\\/schema\\\/person\\\/ec1ee63264a246a69e59d74097bd44ce\",\"name\":\"Peter Van Breusegem\",\"image\":{\"@type\":\"ImageObject\",\"inLanguage\":\"fr-FR\",\"@id\":\"https:\\\/\\\/secure.gravatar.com\\\/avatar\\\/98d21bc5ab7b4c2f2d091dbfbf91b25092388bcfb420812f38a60ba2e9d4e11a?s=96&d=mm&r=g\",\"url\":\"https:\\\/\\\/secure.gravatar.com\\\/avatar\\\/98d21bc5ab7b4c2f2d091dbfbf91b25092388bcfb420812f38a60ba2e9d4e11a?s=96&d=mm&r=g\",\"contentUrl\":\"https:\\\/\\\/secure.gravatar.com\\\/avatar\\\/98d21bc5ab7b4c2f2d091dbfbf91b25092388bcfb420812f38a60ba2e9d4e11a?s=96&d=mm&r=g\",\"caption\":\"Peter Van Breusegem\"},\"url\":\"https:\\\/\\\/dirkvanbabylon.com\\\/fr\\\/author\\\/admin_temp\\\/\"}]}<\/script>\n<!-- \/ Yoast SEO plugin. -->","yoast_head_json":{"title":"La deuxi\u00e8me vague de coronavirus \u2013 que vaut-il mieux faire ou ne pas faire ? - dirk van babylon","robots":{"index":"index","follow":"follow","max-snippet":"max-snippet:-1","max-image-preview":"max-image-preview:large","max-video-preview":"max-video-preview:-1"},"canonical":"https:\/\/dirkvanbabylon.com\/fr\/medecine-generale\/covid-19-fr\/la-deuxieme-vague-de-coronavirus-que-vaut-il-mieux-faire-ou-ne-pas-faire\/","og_locale":"fr_FR","og_type":"article","og_title":"La deuxi\u00e8me vague de coronavirus \u2013 que vaut-il mieux faire ou ne pas faire ? - dirk van babylon","og_description":"Les virologues et les experts craignent que la deuxi\u00e8me vague de coronavirus ait commenc\u00e9 en Belgique. Au cours des sept derniers jours, notre pays [...]","og_url":"https:\/\/dirkvanbabylon.com\/fr\/medecine-generale\/covid-19-fr\/la-deuxieme-vague-de-coronavirus-que-vaut-il-mieux-faire-ou-ne-pas-faire\/","og_site_name":"dirk van babylon","article_published_time":"2020-07-27T19:00:00+00:00","article_modified_time":"2026-09-04T07:46:17+00:00","og_image":[{"width":640,"height":640,"url":"https:\/\/dirkvanbabylon.com\/wp-content\/uploads\/2024\/11\/protective-mask-5264814_640.jpg","type":"image\/jpeg"}],"author":"Peter Van Breusegem","twitter_card":"summary_large_image","twitter_misc":{"\u00c9crit par":"Peter Van Breusegem","Dur\u00e9e de lecture estim\u00e9e":"3 minutes"},"schema":{"@context":"https:\/\/schema.org","@graph":[{"@type":"Article","@id":"https:\/\/dirkvanbabylon.com\/fr\/medecine-generale\/covid-19-fr\/la-deuxieme-vague-de-coronavirus-que-vaut-il-mieux-faire-ou-ne-pas-faire\/#article","isPartOf":{"@id":"https:\/\/dirkvanbabylon.com\/fr\/medecine-generale\/covid-19-fr\/la-deuxieme-vague-de-coronavirus-que-vaut-il-mieux-faire-ou-ne-pas-faire\/"},"author":{"name":"Peter Van Breusegem","@id":"https:\/\/dirkvanbabylon.com\/fr\/#\/schema\/person\/ec1ee63264a246a69e59d74097bd44ce"},"headline":"La deuxi\u00e8me vague de coronavirus \u2013 que vaut-il mieux faire ou ne pas faire ?","datePublished":"2020-07-27T19:00:00+00:00","dateModified":"2026-09-04T07:46:17+00:00","mainEntityOfPage":{"@id":"https:\/\/dirkvanbabylon.com\/fr\/medecine-generale\/covid-19-fr\/la-deuxieme-vague-de-coronavirus-que-vaut-il-mieux-faire-ou-ne-pas-faire\/"},"wordCount":704,"commentCount":0,"image":{"@id":"https:\/\/dirkvanbabylon.com\/fr\/medecine-generale\/covid-19-fr\/la-deuxieme-vague-de-coronavirus-que-vaut-il-mieux-faire-ou-ne-pas-faire\/#primaryimage"},"thumbnailUrl":"https:\/\/dirkvanbabylon.com\/wp-content\/uploads\/2024\/11\/protective-mask-5264814_640.jpg","keywords":["Peter Van Breusegem"],"articleSection":["COVID-19"],"inLanguage":"fr-FR","potentialAction":[{"@type":"CommentAction","name":"Comment","target":["https:\/\/dirkvanbabylon.com\/fr\/medecine-generale\/covid-19-fr\/la-deuxieme-vague-de-coronavirus-que-vaut-il-mieux-faire-ou-ne-pas-faire\/#respond"]}]},{"@type":"WebPage","@id":"https:\/\/dirkvanbabylon.com\/fr\/medecine-generale\/covid-19-fr\/la-deuxieme-vague-de-coronavirus-que-vaut-il-mieux-faire-ou-ne-pas-faire\/","url":"https:\/\/dirkvanbabylon.com\/fr\/medecine-generale\/covid-19-fr\/la-deuxieme-vague-de-coronavirus-que-vaut-il-mieux-faire-ou-ne-pas-faire\/","name":"La deuxi\u00e8me vague de coronavirus \u2013 que vaut-il mieux faire ou ne pas faire ? - dirk van babylon","isPartOf":{"@id":"https:\/\/dirkvanbabylon.com\/fr\/#website"},"primaryImageOfPage":{"@id":"https:\/\/dirkvanbabylon.com\/fr\/medecine-generale\/covid-19-fr\/la-deuxieme-vague-de-coronavirus-que-vaut-il-mieux-faire-ou-ne-pas-faire\/#primaryimage"},"image":{"@id":"https:\/\/dirkvanbabylon.com\/fr\/medecine-generale\/covid-19-fr\/la-deuxieme-vague-de-coronavirus-que-vaut-il-mieux-faire-ou-ne-pas-faire\/#primaryimage"},"thumbnailUrl":"https:\/\/dirkvanbabylon.com\/wp-content\/uploads\/2024\/11\/protective-mask-5264814_640.jpg","datePublished":"2020-07-27T19:00:00+00:00","dateModified":"2026-09-04T07:46:17+00:00","author":{"@id":"https:\/\/dirkvanbabylon.com\/fr\/#\/schema\/person\/ec1ee63264a246a69e59d74097bd44ce"},"breadcrumb":{"@id":"https:\/\/dirkvanbabylon.com\/fr\/medecine-generale\/covid-19-fr\/la-deuxieme-vague-de-coronavirus-que-vaut-il-mieux-faire-ou-ne-pas-faire\/#breadcrumb"},"inLanguage":"fr-FR","potentialAction":[{"@type":"ReadAction","target":["https:\/\/dirkvanbabylon.com\/fr\/medecine-generale\/covid-19-fr\/la-deuxieme-vague-de-coronavirus-que-vaut-il-mieux-faire-ou-ne-pas-faire\/"]}]},{"@type":"ImageObject","inLanguage":"fr-FR","@id":"https:\/\/dirkvanbabylon.com\/fr\/medecine-generale\/covid-19-fr\/la-deuxieme-vague-de-coronavirus-que-vaut-il-mieux-faire-ou-ne-pas-faire\/#primaryimage","url":"https:\/\/dirkvanbabylon.com\/wp-content\/uploads\/2024\/11\/protective-mask-5264814_640.jpg","contentUrl":"https:\/\/dirkvanbabylon.com\/wp-content\/uploads\/2024\/11\/protective-mask-5264814_640.jpg","width":640,"height":640},{"@type":"BreadcrumbList","@id":"https:\/\/dirkvanbabylon.com\/fr\/medecine-generale\/covid-19-fr\/la-deuxieme-vague-de-coronavirus-que-vaut-il-mieux-faire-ou-ne-pas-faire\/#breadcrumb","itemListElement":[{"@type":"ListItem","position":1,"name":"Home","item":"https:\/\/dirkvanbabylon.com\/fr\/"},{"@type":"ListItem","position":2,"name":"La deuxi\u00e8me vague de coronavirus \u2013 que vaut-il mieux faire ou ne pas faire ?"}]},{"@type":"WebSite","@id":"https:\/\/dirkvanbabylon.com\/fr\/#website","url":"https:\/\/dirkvanbabylon.com\/fr\/","name":"dirk van babylon","description":"","potentialAction":[{"@type":"SearchAction","target":{"@type":"EntryPoint","urlTemplate":"https:\/\/dirkvanbabylon.com\/fr\/?s={search_term_string}"},"query-input":{"@type":"PropertyValueSpecification","valueRequired":true,"valueName":"search_term_string"}}],"inLanguage":"fr-FR"},{"@type":"Person","@id":"https:\/\/dirkvanbabylon.com\/fr\/#\/schema\/person\/ec1ee63264a246a69e59d74097bd44ce","name":"Peter Van Breusegem","image":{"@type":"ImageObject","inLanguage":"fr-FR","@id":"https:\/\/secure.gravatar.com\/avatar\/98d21bc5ab7b4c2f2d091dbfbf91b25092388bcfb420812f38a60ba2e9d4e11a?s=96&d=mm&r=g","url":"https:\/\/secure.gravatar.com\/avatar\/98d21bc5ab7b4c2f2d091dbfbf91b25092388bcfb420812f38a60ba2e9d4e11a?s=96&d=mm&r=g","contentUrl":"https:\/\/secure.gravatar.com\/avatar\/98d21bc5ab7b4c2f2d091dbfbf91b25092388bcfb420812f38a60ba2e9d4e11a?s=96&d=mm&r=g","caption":"Peter Van Breusegem"},"url":"https:\/\/dirkvanbabylon.com\/fr\/author\/admin_temp\/"}]}},"_links":{"self":[{"href":"https:\/\/dirkvanbabylon.com\/fr\/wp-json\/wp\/v2\/posts\/17933","targetHints":{"allow":["GET"]}}],"collection":[{"href":"https:\/\/dirkvanbabylon.com\/fr\/wp-json\/wp\/v2\/posts"}],"about":[{"href":"https:\/\/dirkvanbabylon.com\/fr\/wp-json\/wp\/v2\/types\/post"}],"author":[{"embeddable":true,"href":"https:\/\/dirkvanbabylon.com\/fr\/wp-json\/wp\/v2\/users\/2"}],"replies":[{"embeddable":true,"href":"https:\/\/dirkvanbabylon.com\/fr\/wp-json\/wp\/v2\/comments?post=17933"}],"version-history":[{"count":2,"href":"https:\/\/dirkvanbabylon.com\/fr\/wp-json\/wp\/v2\/posts\/17933\/revisions"}],"predecessor-version":[{"id":17935,"href":"https:\/\/dirkvanbabylon.com\/fr\/wp-json\/wp\/v2\/posts\/17933\/revisions\/17935"}],"wp:featuredmedia":[{"embeddable":true,"href":"https:\/\/dirkvanbabylon.com\/fr\/wp-json\/wp\/v2\/media\/13145"}],"wp:attachment":[{"href":"https:\/\/dirkvanbabylon.com\/fr\/wp-json\/wp\/v2\/media?parent=17933"}],"wp:term":[{"taxonomy":"category","embeddable":true,"href":"https:\/\/dirkvanbabylon.com\/fr\/wp-json\/wp\/v2\/categories?post=17933"},{"taxonomy":"post_tag","embeddable":true,"href":"https:\/\/dirkvanbabylon.com\/fr\/wp-json\/wp\/v2\/tags?post=17933"}],"curies":[{"name":"wp","href":"https:\/\/api.w.org\/{rel}","templated":true}]}}