{"id":17781,"date":"2020-09-14T10:24:51","date_gmt":"2020-09-14T08:24:51","guid":{"rendered":"https:\/\/dirkvanbabylon.com\/?p=17781"},"modified":"2026-09-03T06:35:51","modified_gmt":"2026-09-03T04:35:51","slug":"nuit-obscure","status":"publish","type":"post","link":"https:\/\/dirkvanbabylon.com\/fr\/essais\/nuit-obscure\/","title":{"rendered":"Nuit obscure"},"content":{"rendered":"<h2><b>Nuit obscure<\/b><\/h2>\n<p><span style=\"font-weight: 400;\">R\u00e9flexions autour de la nuit obscure de l\u2019\u00e2me.<\/span><span style=\"font-weight: 400;\"><br \/>\n<\/span><span style=\"font-weight: 400;\">\u00c0 la suite d\u2019un exercice d\u2019\u00e9criture propos\u00e9 dans notre cercle de po\u00e8tes Myriade autour du th\u00e8me du \u00ab Voyage \u00e0 travers la nuit \u00bb, je me suis irr\u00e9sistiblement tourn\u00e9 vers [Jean de la Croix] (espagnol : San Juan de la Cruz ; 1542-1591), qui a donn\u00e9 une signification tout \u00e0 fait personnelle \u00e0 la notion de nuit obscure de l\u2019\u00e2me, qui existait d\u00e9j\u00e0 avant lui. La m\u00e9taphore de l\u2019obscurit\u00e9 occupe une place centrale dans son \u0153uvre.<\/span><\/p>\n<p><span style=\"font-weight: 400;\">Issu d\u2019une famille noble espagnole, Jean de la Croix devient carme, apr\u00e8s avoir longuement envisag\u00e9 d\u2019entrer comme ermite dans l\u2019ordre beaucoup plus aust\u00e8re des chartreux. Th\u00e9r\u00e8se d\u2019Avila, qui \u00e9tait d\u00e9termin\u00e9e \u00e0 r\u00e9former le Carmel f\u00e9minin, le rencontre en 1567 et lui demande d\u2019entreprendre la m\u00eame r\u00e9forme du c\u00f4t\u00e9 masculin. Il accepte et fonde ce qui deviendra finalement l\u2019ordre des Carmes d\u00e9chauss\u00e9s.<\/span><\/p>\n<p><span style=\"font-weight: 400;\">D\u00e9chauss\u00e9 signifie sans chaussures. Cette appellation r\u00e9sume bien ce qui \u00e9tait recherch\u00e9 : enlever ses chaussures pour marcher pieds nus dans des sandales, comme symbole ext\u00e9rieur de sobri\u00e9t\u00e9 et de pauvret\u00e9.<\/span><\/p>\n<h2><b>Captivit\u00e9<\/b><\/h2>\n<p><span style=\"font-weight: 400;\">Th\u00e9r\u00e8se et Jean voulaient simplement \u00ab revenir \u00e0 la simplicit\u00e9 et \u00e0 l\u2019humilit\u00e9 telles qu\u2019elles avaient \u00e9t\u00e9 voulues \u00e0 l\u2019origine lors de la fondation de l\u2019ordre \u00bb. On pourrait penser qu\u2019ils auraient tout de m\u00eame re\u00e7u quelques marques de soutien, mais il en alla tout autrement. La r\u00e9forme que Th\u00e9r\u00e8se et Jean avaient engag\u00e9e de concert ne fut pas accueillie par les autorit\u00e9s eccl\u00e9siastiques sous les applaudissements, bien au contraire. Il y eut des chapitres et des proc\u00e8s inquisitoriaux, ainsi que toutes sortes de formes d\u2019opposition acharn\u00e9e.<\/span><\/p>\n<p><span style=\"font-weight: 400;\">Pour le r\u00e9duire au silence, \u00e0 bout de ressources, Jean fut enlev\u00e9 par sa propre communaut\u00e9 religieuse et emprisonn\u00e9, tortur\u00e9 et maltrait\u00e9. Il fut ainsi fouett\u00e9 d\u2019innombrables fois, au point que le sang de ses plaies ouvertes impr\u00e9gnait sa robe, qui restait coll\u00e9e \u00e0 sa peau meurtrie. On peut donc dire que cette captivit\u00e9 ne fut pas seulement une \u00e9preuve terrible, mais aussi une torture interminable, sans la moindre forme de proc\u00e8s, inflig\u00e9e par ses propres fr\u00e8res de l\u2019ordre.<\/span><\/p>\n<p><span style=\"font-weight: 400;\">\u00c0 un certain moment, il re\u00e7oit un nouveau gardien et est un peu mieux trait\u00e9. Les flagellations cessent et, de temps \u00e0 autre, il est m\u00eame autoris\u00e9 \u00e0 sortir clandestinement de sa cellule pour \u00e9tudier et \u00e9crire un peu. Pourtant, il se sent toujours mis\u00e9rable et incompris. Sa foi traverse elle aussi une crise profonde. Il se sent totalement abandonn\u00e9 par Dieu et ses moments de pri\u00e8re restent arides et dess\u00e9ch\u00e9s, sans lui apporter aucune consolation spirituelle.<\/span><\/p>\n<h2><b>Nuit obscure<\/b><\/h2>\n<p><span style=\"font-weight: 400;\">C\u2019est alors qu\u2019il traverse un profond ab\u00eeme et fait l\u2019exp\u00e9rience mystique qu\u2019il d\u00e9crira plus tard comme la nuit obscure de l\u2019\u00e2me.<\/span><\/p>\n<p><span style=\"font-weight: 400;\">Il d\u00e9veloppera toujours davantage ce th\u00e8me dans ses \u00e9crits ult\u00e9rieurs, tels que la \u00ab Mont\u00e9e du Carmel \u00bb, \u00ab Nuit obscure \u00bb, \u00ab Vive Flamme d\u2019amour \u00bb ou le \u00ab Cantique spirituel \u00bb. Il remplit ainsi ses journ\u00e9es de captivit\u00e9 de m\u00e9ditation, de pri\u00e8re et de la mise par \u00e9crit de ses intuitions. Jusqu\u2019\u00e0 ce qu\u2019au bout de neuf mois, il parvienne \u00e0 s\u2019\u00e9chapper, par une fen\u00eatre rest\u00e9e ouverte et au moyen d\u2019une corde qu\u2019il avait fabriqu\u00e9e avec ses draps, comme dans une bande dessin\u00e9e.<\/span><\/p>\n<p><span style=\"font-weight: 400;\">Il se pr\u00e9cipite chez les carm\u00e9lites d\u00e9chauss\u00e9es de Tol\u00e8de, o\u00f9 il est en s\u00e9curit\u00e9. Il est physiquement tr\u00e8s affaibli et amaigri, mais, bien qu\u2019il puisse \u00eatre arr\u00eat\u00e9 de nouveau, il se rend n\u00e9anmoins au chapitre des Carmes qui se tient cette ann\u00e9e-l\u00e0 (1578). Apparemment, les vents avaient quelque peu tourn\u00e9, et il est nomm\u00e9 prieur d\u2019un couvent, mais il entreprend entre-temps de nombreuses autres activit\u00e9s, telles que l\u2019accompagnement spirituel, l\u2019\u00e9coute des confessions, le travail d\u2019organisation et la fondation de nouveaux couvents.<\/span><\/p>\n<p><span style=\"font-weight: 400;\">Cela ne lui valut gu\u00e8re de reconnaissance. Apr\u00e8s avoir \u00e9t\u00e9 prieur, il finit par \u00eatre exclu de sa communaut\u00e9, exil\u00e9 et condamn\u00e9, avant de rendre l\u2019\u00e2me en d\u00e9cembre 1591.<\/span><\/p>\n<h2><b>Cantique des cantiques<\/b><\/h2>\n<p><span style=\"font-weight: 400;\">C\u2019est dans le Cantique des cantiques, qui peut \u00eatre consid\u00e9r\u00e9 comme l\u2019un des plus beaux livres de la Bible, qu\u2019il puise son inspiration pour sa po\u00e9sie nuptiale. La relation de la cr\u00e9ature avec son Cr\u00e9ateur y est pr\u00e9sent\u00e9e comme une relation entre un homme et une femme, la femme repr\u00e9sentant invariablement l\u2019\u00e2me humaine sur terre, qui aspire \u00e0 une autre r\u00e9alit\u00e9, sous la forme du Bien-Aim\u00e9 ou de l\u2019\u00c9poux, dont elle est principalement priv\u00e9e.<\/span><\/p>\n<p><span style=\"font-weight: 400;\">La relation avec Dieu prend ici une tonalit\u00e9 \u00e9rotique, ce qui, \u00e0 mon go\u00fbt, la rend parfois particuli\u00e8rement belle. La po\u00e9sie nuptiale est \u00e9galement un th\u00e8me pr\u00e9sent dans l\u2019\u00c9vangile, lorsque J\u00e9sus-Christ parle de la nuit des vierges. Matthieu 25:1-13 : \u00ab Alors le royaume des cieux sera semblable \u00e0 dix vierges qui prirent leurs lampes et sortirent \u00e0 la rencontre de l\u2019\u00e9poux. \u00bb Les cinq vierges sages ont de l\u2019huile pour leurs lampes, mais les folles n\u2019en ont pas, parce qu\u2019elles ne s\u2019y sont pas pr\u00e9par\u00e9es.<\/span><\/p>\n<p><span style=\"font-weight: 400;\">L\u2019\u00e9poux arrive dans la nuit, nouvelle r\u00e9f\u00e9rence \u00e0 un voyage nocturne. Il faut l\u2019attendre longtemps, mais lorsqu\u2019Il vient, il faut \u00eatre pr\u00eat \u00e0 L\u2019accueillir. Tout mariage d\u00e9bouche sur une nuit de noces. C\u2019est l\u2019autre versant de la nuit : l\u2019attente de l\u2019union avec l\u2019\u00e9poux. Mais pour revenir \u00e0 saint Jean de la Croix : ce qu\u2019il fait, c\u2019est chercher le chemin qui conduit plus pr\u00e8s de Dieu, en sachant que nous ne pouvons pas L\u2019atteindre (Lui ou Elle) au cours de cette vie.<\/span><\/p>\n<p><span style=\"font-weight: 400;\">Il a tent\u00e9 de traduire ses sentiments d\u2019abandon et de profonde d\u00e9ception dans la po\u00e9sie, comme dans le fragment suivant du Cantique spirituel :<\/span><\/p>\n<h2><b>Fragment<\/b><\/h2>\n<p><span style=\"font-weight: 400;\">O\u00f9 Vous cachez-Vous, Bien-Aim\u00e9,<\/span><span style=\"font-weight: 400;\"><br \/>\n<\/span><span style=\"font-weight: 400;\">Vous qui m\u2019avez laiss\u00e9, dans les pierres ?<\/span><span style=\"font-weight: 400;\"><br \/>\n<\/span><span style=\"font-weight: 400;\">Si, bergers, \u00e2mes bienveillantes,<\/span><span style=\"font-weight: 400;\"><br \/>\n<\/span><span style=\"font-weight: 400;\">vous errez parmi les bergeries vers les<\/span><span style=\"font-weight: 400;\"><br \/>\n<\/span><span style=\"font-weight: 400;\">hauteurs,<\/span><span style=\"font-weight: 400;\"><br \/>\n<\/span><span style=\"font-weight: 400;\">et si par hasard vous trouvez L\u00e0-Haut Celui dont<\/span><span style=\"font-weight: 400;\"><br \/>\n<\/span><span style=\"font-weight: 400;\">l\u2019amour m\u2019est impossible \u00e0 perdre,<\/span><span style=\"font-weight: 400;\"><br \/>\n<\/span><span style=\"font-weight: 400;\">dites-Lui combien je d\u00e9p\u00e9ris, souffre et<\/span><span style=\"font-weight: 400;\"><br \/>\n<\/span><span style=\"font-weight: 400;\">dois mourir.<\/span><span style=\"font-weight: 400;\"><br \/>\n<\/span><span style=\"font-weight: 400;\">Ou bien je connais la Source !<\/span><span style=\"font-weight: 400;\"><br \/>\n<\/span><span style=\"font-weight: 400;\">Ses jaillissements et ses courants, bien qu\u2019Elle soit<\/span><span style=\"font-weight: 400;\"><br \/>\n<\/span><span style=\"font-weight: 400;\">nocturne !<\/span><span style=\"font-weight: 400;\"><br \/>\n<\/span><span style=\"font-weight: 400;\">La plus obscure des nuits.<\/span><\/p>\n<h2><b>La noche oscura<\/b><\/h2>\n<p><span style=\"font-weight: 400;\">Mais Jean de la Croix conna\u00eet aussi une autre nuit obscure. Cette nuit-l\u00e0 est elle aussi sombre, mais elle est appel\u00e9e bienheureuse. J\u2019ai recherch\u00e9 une fois encore ce po\u00e8me mondialement c\u00e9l\u00e8bre et, comme la traduction n\u00e9erlandaise que j\u2019ai trouv\u00e9e ne me semblait pas r\u00e9ussie, j\u2019ai finalement d\u00e9cid\u00e9 de le retraduire moi-m\u00eame. Ce fut plus difficile que je ne le pensais, et je n\u2019ai pas tout \u00e0 fait termin\u00e9, mais il faudra bien s\u2019en contenter. Je pr\u00e9sente ci-dessous d\u2019abord l\u2019original espagnol, puis ma traduction.<\/span><\/p>\n<h2><b>Juan de la Cruz<\/b><\/h2>\n<p><span style=\"font-weight: 400;\">Chants de l\u2019\u00e2me qui se r\u00e9jouit d\u2019\u00eatre<\/span><span style=\"font-weight: 400;\"><br \/>\n<\/span><span style=\"font-weight: 400;\">parvenue au degr\u00e9 supr\u00eame de la perfection,<\/span><span style=\"font-weight: 400;\"><br \/>\n<\/span><span style=\"font-weight: 400;\">qui est l\u2019union avec Dieu, par le chemin<\/span><span style=\"font-weight: 400;\"><br \/>\n<\/span><span style=\"font-weight: 400;\">de la n\u00e9gation spirituelle.<\/span><\/p>\n<ol>\n<li style=\"font-weight: 400;\" aria-level=\"1\"><span style=\"font-weight: 400;\">Dans une nuit obscure<\/span><\/li>\n<\/ol>\n<p><span style=\"font-weight: 400;\">avec des ardeurs, en amour embras\u00e9e,<\/span><span style=\"font-weight: 400;\"><br \/>\n<\/span><span style=\"font-weight: 400;\">\u00f4 bienheureuse aventure !<\/span><span style=\"font-weight: 400;\"><br \/>\n<\/span><span style=\"font-weight: 400;\">je sortis sans \u00eatre remarqu\u00e9e,<\/span><span style=\"font-weight: 400;\"><br \/>\n<\/span><span style=\"font-weight: 400;\">alors que ma maison \u00e9tait d\u00e9j\u00e0 apais\u00e9e.<\/span><\/p>\n<ol>\n<li style=\"font-weight: 400;\" aria-level=\"1\"><span style=\"font-weight: 400;\">Dans l\u2019obscurit\u00e9, et en s\u00e9curit\u00e9,<\/span><\/li>\n<\/ol>\n<p><span style=\"font-weight: 400;\">par l\u2019\u00e9chelle secr\u00e8te d\u00e9guis\u00e9e,<\/span><span style=\"font-weight: 400;\"><br \/>\n<\/span><span style=\"font-weight: 400;\">\u00f4 bienheureuse aventure !<\/span><span style=\"font-weight: 400;\"><br \/>\n<\/span><span style=\"font-weight: 400;\">dans l\u2019obscurit\u00e9, et en embuscade,<\/span><span style=\"font-weight: 400;\"><br \/>\n<\/span><span style=\"font-weight: 400;\">alors que ma maison \u00e9tait d\u00e9j\u00e0 apais\u00e9e.<\/span><\/p>\n<ol>\n<li style=\"font-weight: 400;\" aria-level=\"1\"><span style=\"font-weight: 400;\">Dans la nuit bienheureuse<\/span><\/li>\n<\/ol>\n<p><span style=\"font-weight: 400;\">en secret, personne ne me voyait,<\/span><span style=\"font-weight: 400;\"><br \/>\n<\/span><span style=\"font-weight: 400;\">et moi je ne regardais rien,<\/span><span style=\"font-weight: 400;\"><br \/>\n<\/span><span style=\"font-weight: 400;\">sans autre lumi\u00e8re ni guide,<\/span><span style=\"font-weight: 400;\"><br \/>\n<\/span><span style=\"font-weight: 400;\">que celle qui br\u00fblait dans mon c\u0153ur.<\/span><\/p>\n<ol>\n<li style=\"font-weight: 400;\" aria-level=\"1\"><span style=\"font-weight: 400;\">Celle-ci me guidait<\/span><\/li>\n<\/ol>\n<p><span style=\"font-weight: 400;\">plus s\u00fbrement que la lumi\u00e8re de midi,<\/span><span style=\"font-weight: 400;\"><br \/>\n<\/span><span style=\"font-weight: 400;\">vers celui qui m\u2019attendait,<\/span><span style=\"font-weight: 400;\"><br \/>\n<\/span><span style=\"font-weight: 400;\">celui que je connaissais bien,<\/span><span style=\"font-weight: 400;\"><br \/>\n<\/span><span style=\"font-weight: 400;\">en un lieu o\u00f9 personne ne semblait \u00eatre.<\/span><\/p>\n<ol>\n<li style=\"font-weight: 400;\" aria-level=\"1\"><span style=\"font-weight: 400;\">\u00d4 nuit qui as guid\u00e9 !<\/span><\/li>\n<\/ol>\n<p><span style=\"font-weight: 400;\">\u00d4 nuit aimable plus que l\u2019aurore :<\/span><span style=\"font-weight: 400;\"><br \/>\n<\/span><span style=\"font-weight: 400;\">\u00f4 nuit qui as uni<\/span><span style=\"font-weight: 400;\"><br \/>\n<\/span><span style=\"font-weight: 400;\">l\u2019Aim\u00e9 avec l\u2019Aim\u00e9e.<\/span><span style=\"font-weight: 400;\"><br \/>\n<\/span><span style=\"font-weight: 400;\">L\u2019Aim\u00e9e transform\u00e9e dans l\u2019Aim\u00e9 !<\/span><\/p>\n<ol>\n<li style=\"font-weight: 400;\" aria-level=\"1\"><span style=\"font-weight: 400;\">Dans ma poitrine fleurie,<\/span><\/li>\n<\/ol>\n<p><span style=\"font-weight: 400;\">qui tout enti\u00e8re \u00e9tait r\u00e9serv\u00e9e \u00e0 lui seul,<\/span><span style=\"font-weight: 400;\"><br \/>\n<\/span><span style=\"font-weight: 400;\">l\u00e0 il s\u2019endormit,<\/span><span style=\"font-weight: 400;\"><br \/>\n<\/span><span style=\"font-weight: 400;\">et moi je le comblai de tendresse,<\/span><span style=\"font-weight: 400;\"><br \/>\n<\/span><span style=\"font-weight: 400;\">et l\u2019\u00e9ventail des c\u00e8dres donnait de l\u2019air.<\/span><\/p>\n<ol>\n<li style=\"font-weight: 400;\" aria-level=\"1\"><span style=\"font-weight: 400;\">Le souffle de la cr\u00e9maill\u00e8re,<\/span><\/li>\n<\/ol>\n<p><span style=\"font-weight: 400;\">lorsque je dispersais ses cheveux,<\/span><span style=\"font-weight: 400;\"><br \/>\n<\/span><span style=\"font-weight: 400;\">de sa main sereine<\/span><span style=\"font-weight: 400;\"><br \/>\n<\/span><span style=\"font-weight: 400;\">me frappait au cou,<\/span><span style=\"font-weight: 400;\"><br \/>\n<\/span><span style=\"font-weight: 400;\">et suspendait tous mes sens.<\/span><\/p>\n<ol>\n<li style=\"font-weight: 400;\" aria-level=\"1\"><span style=\"font-weight: 400;\">Je demeurai, et m\u2019oubliai,<\/span><\/li>\n<\/ol>\n<p><span style=\"font-weight: 400;\">je posai mon visage sur l\u2019Aim\u00e9,<\/span><span style=\"font-weight: 400;\"><br \/>\n<\/span><span style=\"font-weight: 400;\">tout cessa, et je me laissai,<\/span><\/p>\n<p><span style=\"font-weight: 400;\">laissant mes soucis<\/span><span style=\"font-weight: 400;\"><br \/>\n<\/span><span style=\"font-weight: 400;\">oubli\u00e9s parmi les lys.<\/span><\/p>\n<h1><b>Nuit obscure<\/b><\/h1>\n<h2><b>Jean de la Croix<\/b><\/h2>\n<p><span style=\"font-weight: 400;\">Chantre de l\u2019\u00e2me qui se r\u00e9jouit d\u2019avoir approch\u00e9 le haut degr\u00e9 de perfection, que l\u2019on trouve dans l\u2019union avec Dieu, par la voie du renoncement spirituel.<\/span><\/p>\n<ol>\n<li style=\"font-weight: 400;\" aria-level=\"1\"><span style=\"font-weight: 400;\">Dans la nuit obscure,<\/span><\/li>\n<\/ol>\n<p><span style=\"font-weight: 400;\">Embras\u00e9e d\u2019un amour \u00e9perdu,<\/span><span style=\"font-weight: 400;\"><br \/>\n<\/span><span style=\"font-weight: 400;\">\u00d4, quelle heureuse aventure !<\/span><span style=\"font-weight: 400;\"><br \/>\n<\/span><span style=\"font-weight: 400;\">Je me glissai dehors sans \u00eatre vue,<\/span><span style=\"font-weight: 400;\"><br \/>\n<\/span><span style=\"font-weight: 400;\">tandis que la maison s\u2019\u00e9tait endormie.<\/span><\/p>\n<ol>\n<li style=\"font-weight: 400;\" aria-level=\"1\"><span style=\"font-weight: 400;\">Dans l\u2019obscurit\u00e9, et en s\u00e9curit\u00e9,<\/span><\/li>\n<\/ol>\n<p><span style=\"font-weight: 400;\">D\u00e9guis\u00e9e, par l\u2019escalier secret.<\/span><span style=\"font-weight: 400;\"><br \/>\n<\/span><span style=\"font-weight: 400;\">\u00d4, quelle heureuse aventure !<\/span><span style=\"font-weight: 400;\"><br \/>\n<\/span><span style=\"font-weight: 400;\">Dans les t\u00e9n\u00e8bres et dans le secret,<\/span><span style=\"font-weight: 400;\"><br \/>\n<\/span><span style=\"font-weight: 400;\">tandis que la maison s\u2019\u00e9tait endormie.<\/span><\/p>\n<ol>\n<li style=\"font-weight: 400;\" aria-level=\"1\"><span style=\"font-weight: 400;\">B\u00e9nie par l\u2019heureuse obscurit\u00e9,<\/span><\/li>\n<\/ol>\n<p><span style=\"font-weight: 400;\">En secret, afin que nul ne me v\u00eet.<\/span><span style=\"font-weight: 400;\"><br \/>\n<\/span><span style=\"font-weight: 400;\">Moi non plus, je ne pouvais rien voir.<\/span><span style=\"font-weight: 400;\"><br \/>\n<\/span><span style=\"font-weight: 400;\">Nulle autre lumi\u00e8re, nul autre guide,<\/span><span style=\"font-weight: 400;\"><br \/>\n<\/span><span style=\"font-weight: 400;\">Que celui qui br\u00fblait dans mon c\u0153ur.<\/span><\/p>\n<ol>\n<li style=\"font-weight: 400;\" aria-level=\"1\"><span style=\"font-weight: 400;\">Cette lumi\u00e8re me guidait,<\/span><\/li>\n<\/ol>\n<p><span style=\"font-weight: 400;\">Plus s\u00fbrement que le soleil de midi,<\/span><span style=\"font-weight: 400;\"><br \/>\n<\/span><span style=\"font-weight: 400;\">Vers le lieu o\u00f9 il m\u2019attendait,<\/span><span style=\"font-weight: 400;\"><br \/>\n<\/span><span style=\"font-weight: 400;\">Celui qui m\u2019\u00e9tait bienveillant,<\/span><span style=\"font-weight: 400;\"><br \/>\n<\/span><span style=\"font-weight: 400;\">En un endroit o\u00f9 nul ne vient.<\/span><\/p>\n<ol>\n<li style=\"font-weight: 400;\" aria-level=\"1\"><span style=\"font-weight: 400;\">\u00d4 nuit qui me conduisis !<\/span><\/li>\n<\/ol>\n<p><span style=\"font-weight: 400;\">\u00d4 nuit plus douce encore que l\u2019aurore !<\/span><span style=\"font-weight: 400;\"><br \/>\n<\/span><span style=\"font-weight: 400;\">\u00d4 nuit qui r\u00e9unis<\/span><span style=\"font-weight: 400;\"><br \/>\n<\/span><span style=\"font-weight: 400;\">la fianc\u00e9e et le fianc\u00e9,<\/span><span style=\"font-weight: 400;\"><br \/>\n<\/span><span style=\"font-weight: 400;\">et transformas la fianc\u00e9e en fianc\u00e9.<\/span><\/p>\n<ol>\n<li style=\"font-weight: 400;\" aria-level=\"1\"><span style=\"font-weight: 400;\">Sur ma poitrine en fleur,<\/span><\/li>\n<\/ol>\n<p><span style=\"font-weight: 400;\">Qui lui \u00e9tait enti\u00e8rement r\u00e9serv\u00e9e,<\/span><span style=\"font-weight: 400;\"><br \/>\n<\/span><span style=\"font-weight: 400;\">L\u00e0 il sommeillait,<\/span><span style=\"font-weight: 400;\"><br \/>\n<\/span><span style=\"font-weight: 400;\">Et je le ch\u00e9rissais,<\/span><span style=\"font-weight: 400;\"><br \/>\n<\/span><span style=\"font-weight: 400;\">L\u2019\u00e9ventail de c\u00e8dre lui apportait la fra\u00eecheur.<\/span><\/p>\n<ol>\n<li style=\"font-weight: 400;\" aria-level=\"1\"><span style=\"font-weight: 400;\">L\u2019air venu du cr\u00e9neau,<\/span><\/li>\n<\/ol>\n<p><span style=\"font-weight: 400;\">Lorsque je d\u00e9ployais ses cheveux,<\/span><span style=\"font-weight: 400;\"><br \/>\n<\/span><span style=\"font-weight: 400;\">De sa main l\u00e9g\u00e8re<\/span><span style=\"font-weight: 400;\"><br \/>\n<\/span><span style=\"font-weight: 400;\">Saisit ma gorge et la serra,<\/span><span style=\"font-weight: 400;\"><br \/>\n<\/span><span style=\"font-weight: 400;\">Et suspendit tous mes sens.<\/span><\/p>\n<ol>\n<li style=\"font-weight: 400;\" aria-level=\"1\"><span style=\"font-weight: 400;\">Je me perdis, je m\u2019oubliai,<\/span><\/li>\n<\/ol>\n<p><span style=\"font-weight: 400;\">Je penchai la t\u00eate sur le fianc\u00e9,<\/span><span style=\"font-weight: 400;\"><br \/>\n<\/span><span style=\"font-weight: 400;\">Tout s\u2019immobilisa ; je m\u2019abandonnai,<\/span><span style=\"font-weight: 400;\"><br \/>\n<\/span><span style=\"font-weight: 400;\">Mes soucis s\u2019enfuirent<\/span><span style=\"font-weight: 400;\"><br \/>\n<\/span><span style=\"font-weight: 400;\">Oubli\u00e9s parmi les lys.<\/span><\/p>\n<h2><b>Commentaire sur la nuit obscure<\/b><\/h2>\n<p><span style=\"font-weight: 400;\">Ce n\u2019est qu\u2019en renon\u00e7ant \u00e0 toute lumi\u00e8re que l\u2019\u00e2me peut parvenir \u00e0 ne plus se laisser guider que par l\u2019amour. Apr\u00e8s s\u2019\u00eatre d\u00e9tach\u00e9e de toutes sortes de choses, purifi\u00e9e de tout ce qui est superflu et de toute aspiration terrestre, l\u2019\u00e2me est pr\u00eate pour l\u2019union, o\u00f9 elle peut, dans la paix la plus compl\u00e8te, s\u2019abandonner \u00e0 la joie d\u2019\u00eatre ensemble, sans \u00eatre troubl\u00e9e par aucun souci, aucune charge ni aucune peine.<\/span><\/p>\n<p><span style=\"font-weight: 400;\">Jusque-l\u00e0, Jean de la Croix parlait g\u00e9n\u00e9ralement de la nuit obscure de l\u2019\u00e2me en des termes tout diff\u00e9rents : c\u2019est la douleur de l\u2019\u00e2me qui cherche encore, qui doute de l\u2019amour et qui n\u2019a pas encore trouv\u00e9 le Bien-Aim\u00e9. L\u2019absence est d\u00e9chirante. Pourtant, la purification par la souffrance est indispensable pour parvenir \u00e0 l\u2019union.<\/span><\/p>\n<p><span style=\"font-weight: 400;\">Dans ce po\u00e8me, une tout autre nuit nous est pr\u00e9sent\u00e9e. Cette nouvelle nuit est dite bienheureuse parce que l\u2019\u00e2me qui chante ainsi a travers\u00e9 la nuit et laiss\u00e9 derri\u00e8re elle les t\u00e9n\u00e8bres, puisqu\u2019une rencontre a eu lieu, rencontre dont elle se souvient avec un profond plaisir.<\/span><\/p>\n<p><span style=\"font-weight: 400;\">Il fallait quitter la s\u00e9curit\u00e9 de la maison pour traverser la nuit obscure. Ce n\u2019est qu\u2019ensuite que l\u2019union peut avoir lieu. La nuit n\u2019est bienheureuse qu\u2019en raison de ce qui vient apr\u00e8s elle, \u00e0 savoir l\u2019union entre la fianc\u00e9e et le fianc\u00e9. Dans ce po\u00e8me, Jean de la Croix ne parle de rien de moins que de l\u2019union de l\u2019\u00e2me avec Dieu.<\/span><\/p>\n<p><span style=\"font-weight: 400;\">En espagnol, il emploie le terme \u00ab amada \u00bb, forme f\u00e9minine de bien-aim\u00e9, et \u00ab amado \u00bb, forme masculine, pour d\u00e9signer respectivement \u00ab elle \u00bb et \u00ab lui \u00bb. En n\u00e9erlandais, cela n\u2019est pas facile \u00e0 rendre. Nous avons donc choisi de traduire par fianc\u00e9e et fianc\u00e9, afin de conserver cette relation entre le f\u00e9minin et le masculin. Ce fut l\u2019un des choix difficiles de la traduction.<\/span><\/p>\n<h2><b>Strophes 1 et 2<\/b><\/h2>\n<p><span style=\"font-weight: 400;\">Mais revenons au d\u00e9but. Le r\u00e9cit s\u2019ouvre sur la sc\u00e8ne du \u00ab je \u00bb qui se glisse hors de la maison endormie sans \u00eatre aper\u00e7u. La rencontre projet\u00e9e doit manifestement avoir lieu clandestinement. Le po\u00e8me poss\u00e8de quelque chose de cin\u00e9matographique. Le d\u00e9but est une s\u00e9quence remarquablement mise en sc\u00e8ne, avec cette fuite hors de la maison et ce cheminement dans l\u2019obscurit\u00e9 totale, port\u00e9 par la certitude int\u00e9rieure d\u2019atteindre le fianc\u00e9.<\/span><\/p>\n<p><span style=\"font-weight: 400;\">Le th\u00e8me de la \u00ab nuit obscure \u00bb, repris d\u00e8s le commencement, agit comme un refrain. Il s\u2019agit d\u2019une tautologie, mais non d\u2019un pl\u00e9onasme, car une nuit peut \u00eatre plus ou moins obscure selon la pr\u00e9sence de la lune ou des \u00e9toiles. On trouve encore deux autres refrains : il s\u2019agit d\u2019une \u00ab dichosa aventura \u00bb, une heureuse aventure, et toute la maison repose sans se douter de rien. Non pas la maison elle-m\u00eame, bien entendu, mais ceux qui l\u2019habitent.<\/span><\/p>\n<p><span style=\"font-weight: 400;\">L\u2019\u00e2me quitte la r\u00e9alit\u00e9 commune qu\u2019elle partage avec les habitants de la maison et part accomplir quelque chose qu\u2019elle doit faire seule. L\u2019escalier secret pourrait renvoyer \u00e0 la m\u00e9ditation, qui sert d\u2019\u00e9chelle pour lib\u00e9rer l\u2019\u00e2me de la sensualit\u00e9 et lui apprendre \u00e0 ne chercher sa nourriture spirituelle qu\u2019en Dieu lui-m\u00eame. Dieu est cach\u00e9 dans le secret de l\u2019\u00e2me, et celle-ci doit s\u2019immerger dans son propre secret afin d\u2019y trouver Dieu, dans le secret.<\/span><\/p>\n<h2><b>Strophes 3 et 4<\/b><\/h2>\n<p><span style=\"font-weight: 400;\">Les deux strophes suivantes montrent le jeu des regards. Le narrateur a quitt\u00e9 la maison sans \u00eatre vu. Il ne peut plus \u00eatre vu, mais lui-m\u00eame ne peut plus rien voir dans l\u2019obscurit\u00e9. Il ne s\u2019agit pas d\u2019un voyage dans l\u2019espace, mais d\u2019un cheminement int\u00e9rieur.<\/span><\/p>\n<p><span style=\"font-weight: 400;\">\u00c0 l\u2019oppos\u00e9 de l\u2019obscurit\u00e9 de la nuit, il y a ce c\u0153ur ardent qui, de l\u2019int\u00e9rieur, \u00e9claire ce qui l\u2019entoure. La nuit obscure n\u2019est donc pas si obscure que cela. La seule lumi\u00e8re est l\u2019illumination int\u00e9rieure de l\u2019amour et de la foi. La nuit est totale et nous n\u2019y voyons rien, si ce n\u2019est cette lumi\u00e8re int\u00e9rieure.<\/span><\/p>\n<p><span style=\"font-weight: 400;\">La nuit isole, voile et dissimule non pas un vide, mais une Pr\u00e9sence, qui se fait pour l\u2019instant sentir comme une Absence. C\u2019est comme si quelque chose de plus profond encore y \u00e9tait enfoui. Ce qui br\u00fble l\u00e0 est l\u2019amour, tout entier tendu par le d\u00e9sir de trouver le Bien-Aim\u00e9 cach\u00e9, qui nous attend.<\/span><\/p>\n<h2><b>Strophe 5<\/b><\/h2>\n<p><span style=\"font-weight: 400;\">Dans la cinqui\u00e8me strophe, nous trouvons bel et bien une louange \u00e0 la nuit, qui a rendu l\u2019union possible. La nuit est m\u00eame c\u00e9l\u00e9br\u00e9e trois fois, car c\u2019est l\u2019obscurit\u00e9 qui a permis l\u2019union. Sans l\u2019invisibilit\u00e9 et la disparition, il ne pourrait y avoir cette \u00e9treinte et cette tendresse dans lesquelles l\u2019\u00e2me peut se perdre.<\/span><\/p>\n<p><span style=\"font-weight: 400;\">L\u2019obscurit\u00e9 devient une nuit de noces. Au lieu d\u2019\u00eatre un supplice, elle est devenue une occasion de f\u00eate. La nuit se transforme en personnage qui joue un r\u00f4le dans le drame et participe \u00e0 l\u2019action. De la disparition dans l\u2019obscurit\u00e9 totale jusqu\u2019\u00e0 la d\u00e9couverte du Bien-Aim\u00e9, qui permet \u00e0 l\u2019union de se produire, gr\u00e2ce \u00e0 une myst\u00e9rieuse alchimie par laquelle l\u2019\u00e2me n\u2019est plus elle-m\u00eame et se transforme en l\u2019Autre.<\/span><\/p>\n<h2><b>Strophes 6-8<\/b><\/h2>\n<p><span style=\"font-weight: 400;\">Le po\u00e8me s\u2019ach\u00e8ve dans l\u2019abandon \u00e0 l\u2019\u00e9treinte r\u00e9ciproque. C\u2019est comme si, dans l\u2019obscurit\u00e9 du th\u00e9\u00e2tre, un projecteur s\u2019allumait et nous montrait les deux bien-aim\u00e9s sur leur couche. Le fianc\u00e9 repose, assoupi, dans les bras de la fianc\u00e9e. L\u2019\u00e2me ne cherche plus et n\u2019est plus pouss\u00e9e par quoi que ce soit, ni agit\u00e9e. L\u2019union \u00e9tait le but et, maintenant qu\u2019elle se r\u00e9alise, il n\u2019y a plus rien \u00e0 poursuivre.<\/span><\/p>\n<p><span style=\"font-weight: 400;\">La poitrine couverte de fleurs fait penser au jardin mystique o\u00f9 la rencontre avec le bien-aim\u00e9 a si souvent lieu dans la po\u00e9sie. Le Bien-Aim\u00e9 est simultan\u00e9ment pr\u00e9sent et absent. Lorsqu\u2019il appara\u00eet, il n\u2019est plus n\u00e9cessaire de se cacher ou de se d\u00e9guiser. Il n\u2019y a plus moyen d\u2019\u00e9chapper aux regards qui s\u2019\u00e9changent. L\u2019obscurit\u00e9 de la nuit ne joue plus aucun r\u00f4le, car la pleine lumi\u00e8re est arriv\u00e9e. Puis Il s\u2019endort.<\/span><\/p>\n<p><span style=\"font-weight: 400;\">C\u2019est une rencontre \u00e0 connotation \u00e9rotique, aussi tendrement exprim\u00e9e soit-elle et sans implication sexuelle. Chacun peut y voir ce qu\u2019il veut, car tout reste inexprim\u00e9. L\u2019\u00e2me s\u2019ouvre \u00e0 l\u2019Autre et rencontre l\u2019\u00c9poux. Ce dernier appara\u00eet pour aussit\u00f4t dispara\u00eetre en partie, en sombrant dans le sommeil. Il demeure pr\u00e9sent, mais d\u2019une certaine mani\u00e8re passif, dans l\u2019abandon confiant, tandis que l\u2019\u00e2me reste ouverte \u00e0 une r\u00e9alit\u00e9 sup\u00e9rieure.<\/span><\/p>\n<h2><b>Tendresse<\/b><\/h2>\n<p><span style=\"font-weight: 400;\">Dieu prend ici la forme du Bien-Aim\u00e9, non celle d\u2019une puissance surnaturelle vengeresse, punitive ou exigeante, mais celle d\u2019une \u00e9treinte d\u2019amour, d\u00e9crite de mani\u00e8re tangible comme celle qui pourrait avoir lieu entre deux corps de chair et de sang, puisque sont notamment nomm\u00e9es la poitrine, la main, le cou, les cheveux et la t\u00eate.<\/span><\/p>\n<p><span style=\"font-weight: 400;\">C\u2019est une description sensuelle, faite de contacts, de gestes et d\u2019\u00e9motions. L\u2019Autre touche l\u2019\u00e2me et les sens s\u2019\u00e9teignent. Il ne reste plus que l\u2019abandon \u00e0 la douceur du moment. Le corps ne constitue plus un obstacle \u00e0 la rencontre avec Dieu ; au contraire, il y participe pleinement.<\/span><\/p>\n<p><span style=\"font-weight: 400;\">Dans la septi\u00e8me strophe s\u2019ouvre tout un monde de plaisir raffin\u00e9 et de paix de l\u2019\u00e2me, comme une l\u00e9g\u00e8re brise qui caresse la peau et apporte une sensation de bien-\u00eatre. Le fianc\u00e9 repose dans les bras de la fianc\u00e9e, qui lui apporte de la fra\u00eecheur en l\u2019\u00e9ventant. L\u2019air des cr\u00e9neaux poss\u00e8de une main qui est personnifi\u00e9e. Une main qui saisit la gorge.<\/span><\/p>\n<p><span style=\"font-weight: 400;\">Le po\u00e8me s\u2019ach\u00e8ve dans l\u2019insouciance, parmi les lys, dans un sentiment de paix absolue. D\u00e9sormais, les mots deviennent d\u00e9pourvus de sens et l\u2019imagination du lecteur peut prendre le relais. Le texte sugg\u00e8re davantage qu\u2019il ne d\u00e9crit.<\/span><\/p>\n<h2><b>Au-del\u00e0<\/b><\/h2>\n<p><span style=\"font-weight: 400;\">Le c\u0153ur comme un phare dans une qu\u00eate, \u00e0 la recherche d\u2019un personnage myst\u00e9rieux dont le r\u00f4le est en r\u00e9alit\u00e9 passif : adopter une posture endormie, \u00eatre regard\u00e9 et choy\u00e9. Et pourtant, c\u2019est ce personnage qui, avec son cort\u00e8ge de mots, conduit tout le po\u00e8me au silence. C\u2019est vers lui que l\u2019\u00e2me se met en route sans savoir exactement pourquoi, et pourtant avec d\u00e9termination, malgr\u00e9 tous les doutes qui la rongent.<\/span><\/p>\n<p><span style=\"font-weight: 400;\">L\u2019\u00e2me avance dans les t\u00e9n\u00e8bres, pouss\u00e9e par la foi, mais sans jamais avoir la certitude d\u2019arriver, dans l\u2019espoir qu\u2019une rencontre puisse avoir lieu. Elle ne sera pas aussi physique que dans le po\u00e8me. Saint Jean sait tr\u00e8s bien que Dieu ne se montre pas sous la forme d\u2019un corps humain et il sait aussi que lui-m\u00eame n\u2019est pas une femme. Mais c\u2019est justement \u00e0 cela que sert un po\u00e8me : \u00e0 le pr\u00e9senter comme une \u00e9treinte, puisqu\u2019il ne peut pas davantage dire ce qu\u2019il en est r\u00e9ellement.<\/span><\/p>\n<p><span style=\"font-weight: 400;\">Il faut le comprendre au sens m\u00e9taphorique. Il voit Dieu au-del\u00e0 de tout d\u00e9sir, de toute perception sensorielle, et pourtant comme la finalit\u00e9 de l\u2019action humaine. Ce qu\u2019il en dit par les moyens de la po\u00e9sie n\u2019est pas la description d\u2019un moment r\u00e9ellement v\u00e9cu. Il faut le lire m\u00e9taphoriquement. On ne peut se d\u00e9tacher des pr\u00e9occupations du monde que si quelque chose d\u2019autre nous s\u00e9duit ou nous intrigue et exerce sur nous une attraction plus forte.<\/span><\/p>\n<h2><b>Asc\u00e8se<\/b><\/h2>\n<p><span style=\"font-weight: 400;\">Ce n\u2019est pas en se coupant du monde que nous trouvons Dieu, mais c\u2019est plut\u00f4t l\u2019inverse. Ce qui vient en premier n\u2019est pas l\u2019asc\u00e8se, mais l\u2019amour de Dieu. L\u2019asc\u00e8se est une cons\u00e9quence de l\u2019amour, parce que le go\u00fbt pour autre chose dispara\u00eet de lui-m\u00eame. C\u2019est \u00e0 ce moment que commence la nuit obscure de l\u2019\u00e2me. Tout a perdu sa saveur, mais le fianc\u00e9 est encore bien loin.<\/span><\/p>\n<p><span style=\"font-weight: 400;\">Lorsque la flamme de l\u2019amour s\u2019allume dans l\u2019\u00e2me, tout le reste devient relatif. C\u2019est comme si l\u2019\u00e2me, debout au milieu du monde, ne s\u2019y int\u00e9ressait plus. Elle avance comme s\u2019il faisait nuit, \u00e9clair\u00e9e par une lumi\u00e8re int\u00e9rieure qui voile toutes les autres choses. Il y a donc, d\u2019un c\u00f4t\u00e9, la plainte de l\u2019absence, la souffrance, comme chez Job, que Jean de la Croix cite souvent. Mais d\u2019un autre c\u00f4t\u00e9, il ne se plaint pas \u2014 pas plus que Job \u2014 dans le vide. Sa plainte reste adress\u00e9e \u00e0 Dieu. C\u2019est l\u00e0 la diff\u00e9rence cruciale : Il ne l\u00e2che pas Dieu !<\/span><\/p>\n<p><span style=\"font-weight: 400;\">Il vit donc aussi sa captivit\u00e9 comme une purification. Il remarqua qu\u2019elle lui permettait de mieux encore se mettre sur la trace de l\u2019amour de Dieu. Cette exp\u00e9rience le toucha au plus profond de lui-m\u00eame et l\u2019aida \u00e0 sortir de sa crise de foi, comme il le formula plus tard dans son Cantique spirituel : \u00ab Un peu de cet amour pur est plus pr\u00e9cieux pour l\u2019\u00c9glise que toutes les autres \u0153uvres r\u00e9unies, m\u00eame s\u2019il peut sembler que l\u2019\u00e2me ne fait plus rien. \u00bb<\/span><\/p>\n<h2><b>Cach\u00e9<\/b><\/h2>\n<p><span style=\"font-weight: 400;\">Pourtant, il y a toujours une limite qui ne sera jamais franchie.<\/span><\/p>\n<p><span style=\"font-weight: 400;\">Jean de la Croix se m\u00e9fie de ceux qui pr\u00e9tendent poss\u00e9der des dons surnaturels. On ne peut en r\u00e9alit\u00e9 faire l\u2019exp\u00e9rience de Dieu comme d\u2019un \u00eatre humain, mais seulement comme du \u00ab Cach\u00e9 \u00bb. Il le dit ainsi : \u00ab Celui qui doit chercher quelque chose qui est cach\u00e9 doit p\u00e9n\u00e9trer dans le secret jusqu\u2019au lieu cach\u00e9 o\u00f9 cette chose se trouve. Lorsqu\u2019il la trouve, il est lui-m\u00eame aussi cach\u00e9 que cette chose. \u00bb<\/span><\/p>\n<p><span style=\"font-weight: 400;\">\u00ab Vous agissez donc tr\u00e8s bien, \u00f4 \u00c2me, si vous Le cherchez toujours l\u00e0 o\u00f9 Il est cach\u00e9. Si, en effet, vous consid\u00e9rez Dieu comme plus \u00e9lev\u00e9 et plus profond que tout ce \u00e0 quoi vous pouvez parvenir, vous rendez par l\u00e0 un grand hommage \u00e0 Dieu et vous vous approcherez tr\u00e8s pr\u00e8s de Lui. Ne vous arr\u00eatez donc pas et ne vous attardez pas \u00e0 ce que vos facult\u00e9s peuvent comprendre. \u00bb<\/span><\/p>\n<p><span style=\"font-weight: 400;\">\u00ab Cherchez votre satisfaction dans ce que vous ne pouvez comprendre de Lui. Car Dieu est inaccessible et cach\u00e9. Quand bien m\u00eame vous auriez l\u2019impression de Le trouver, de Le sentir et de Le comprendre, vous devez n\u00e9anmoins toujours continuer \u00e0 Le consid\u00e9rer comme cach\u00e9. Ne soyez pas comme ces nombreux insens\u00e9s qui ont une pi\u00e8tre id\u00e9e de Dieu et qui pensent que Dieu est plus \u00e9loign\u00e9 ou davantage cach\u00e9 lorsqu\u2019ils ne Le comprennent pas, ne Le go\u00fbtent pas ou ne Le per\u00e7oivent pas. C\u2019est plut\u00f4t le contraire qui est vrai. \u00bb<\/span><\/p>\n<p><span style=\"font-weight: 400;\">Photo San Juan de la Cruz : Papix \/ CC BY-SA (<\/span><a href=\"https:\/\/creativecommons.org\/licenses\/by-sa\/4.0\"><span style=\"font-weight: 400;\">https:\/\/creativecommons.org\/licenses\/by-sa\/4.0<\/span><\/a><span style=\"font-weight: 400;\">)<\/span><\/p>\n<p>&nbsp;<\/p>\n","protected":false},"excerpt":{"rendered":"<p>Nuit obscure R\u00e9flexions autour de la nuit obscure de l\u2019\u00e2me. \u00c0 la suite d\u2019un exercice d\u2019\u00e9criture propos\u00e9 dans notre cercle de po\u00e8tes <a href=\"https:\/\/dirkvanbabylon.com\/fr\/essais\/nuit-obscure\/\" class=\"more-link\">[&#8230;]<\/a><\/p>\n","protected":false},"author":9,"featured_media":12416,"comment_status":"open","ping_status":"closed","sticky":false,"template":"","format":"standard","meta":{"_acf_changed":false,"footnotes":""},"categories":[367],"tags":[351],"class_list":["post-17781","post","type-post","status-publish","format-standard","has-post-thumbnail","hentry","category-essais","tag-dirk-van-babylon","authors-dirk-van-babylon"],"acf":[],"yoast_head":"<!-- This site is optimized with the Yoast SEO plugin v28.2 - https:\/\/yoast.com\/product\/yoast-seo-wordpress\/ -->\n<title>Nuit obscure - dirk van babylon<\/title>\n<meta name=\"robots\" content=\"index, follow, max-snippet:-1, max-image-preview:large, max-video-preview:-1\" \/>\n<link rel=\"canonical\" href=\"https:\/\/dirkvanbabylon.com\/fr\/essais\/nuit-obscure\/\" \/>\n<meta property=\"og:locale\" content=\"fr_FR\" \/>\n<meta property=\"og:type\" content=\"article\" \/>\n<meta property=\"og:title\" content=\"Nuit obscure - dirk van babylon\" \/>\n<meta property=\"og:description\" content=\"Nuit obscure R\u00e9flexions autour de la nuit obscure de l\u2019\u00e2me. \u00c0 la suite d\u2019un exercice d\u2019\u00e9criture propos\u00e9 dans notre cercle de po\u00e8tes [...]\" \/>\n<meta property=\"og:url\" content=\"https:\/\/dirkvanbabylon.com\/fr\/essais\/nuit-obscure\/\" \/>\n<meta property=\"og:site_name\" content=\"dirk van babylon\" \/>\n<meta property=\"article:published_time\" content=\"2020-09-14T08:24:51+00:00\" \/>\n<meta property=\"article:modified_time\" content=\"2026-09-03T04:35:51+00:00\" \/>\n<meta name=\"author\" content=\"Olivier Lichtenberg\" \/>\n<meta name=\"twitter:card\" content=\"summary_large_image\" \/>\n<meta name=\"twitter:label1\" content=\"\u00c9crit par\" \/>\n\t<meta name=\"twitter:data1\" content=\"Olivier Lichtenberg\" \/>\n\t<meta name=\"twitter:label2\" content=\"Dur\u00e9e de lecture estim\u00e9e\" \/>\n\t<meta name=\"twitter:data2\" content=\"16 minutes\" \/>\n<script type=\"application\/ld+json\" class=\"yoast-schema-graph\">{\"@context\":\"https:\\\/\\\/schema.org\",\"@graph\":[{\"@type\":\"Article\",\"@id\":\"https:\\\/\\\/dirkvanbabylon.com\\\/fr\\\/essais\\\/nuit-obscure\\\/#article\",\"isPartOf\":{\"@id\":\"https:\\\/\\\/dirkvanbabylon.com\\\/fr\\\/essais\\\/nuit-obscure\\\/\"},\"author\":{\"name\":\"Olivier Lichtenberg\",\"@id\":\"https:\\\/\\\/dirkvanbabylon.com\\\/fr\\\/#\\\/schema\\\/person\\\/29fbc998a0803b057baa9e614a16c000\"},\"headline\":\"Nuit obscure\",\"datePublished\":\"2020-09-14T08:24:51+00:00\",\"dateModified\":\"2026-09-03T04:35:51+00:00\",\"mainEntityOfPage\":{\"@id\":\"https:\\\/\\\/dirkvanbabylon.com\\\/fr\\\/essais\\\/nuit-obscure\\\/\"},\"wordCount\":4025,\"commentCount\":0,\"image\":{\"@id\":\"https:\\\/\\\/dirkvanbabylon.com\\\/fr\\\/essais\\\/nuit-obscure\\\/#primaryimage\"},\"thumbnailUrl\":\"\",\"keywords\":[\"Dirk van Babylon\"],\"articleSection\":[\"Essais\"],\"inLanguage\":\"fr-FR\",\"potentialAction\":[{\"@type\":\"CommentAction\",\"name\":\"Comment\",\"target\":[\"https:\\\/\\\/dirkvanbabylon.com\\\/fr\\\/essais\\\/nuit-obscure\\\/#respond\"]}]},{\"@type\":\"WebPage\",\"@id\":\"https:\\\/\\\/dirkvanbabylon.com\\\/fr\\\/essais\\\/nuit-obscure\\\/\",\"url\":\"https:\\\/\\\/dirkvanbabylon.com\\\/fr\\\/essais\\\/nuit-obscure\\\/\",\"name\":\"Nuit obscure - dirk van babylon\",\"isPartOf\":{\"@id\":\"https:\\\/\\\/dirkvanbabylon.com\\\/fr\\\/#website\"},\"primaryImageOfPage\":{\"@id\":\"https:\\\/\\\/dirkvanbabylon.com\\\/fr\\\/essais\\\/nuit-obscure\\\/#primaryimage\"},\"image\":{\"@id\":\"https:\\\/\\\/dirkvanbabylon.com\\\/fr\\\/essais\\\/nuit-obscure\\\/#primaryimage\"},\"thumbnailUrl\":\"\",\"datePublished\":\"2020-09-14T08:24:51+00:00\",\"dateModified\":\"2026-09-03T04:35:51+00:00\",\"author\":{\"@id\":\"https:\\\/\\\/dirkvanbabylon.com\\\/fr\\\/#\\\/schema\\\/person\\\/29fbc998a0803b057baa9e614a16c000\"},\"breadcrumb\":{\"@id\":\"https:\\\/\\\/dirkvanbabylon.com\\\/fr\\\/essais\\\/nuit-obscure\\\/#breadcrumb\"},\"inLanguage\":\"fr-FR\",\"potentialAction\":[{\"@type\":\"ReadAction\",\"target\":[\"https:\\\/\\\/dirkvanbabylon.com\\\/fr\\\/essais\\\/nuit-obscure\\\/\"]}]},{\"@type\":\"ImageObject\",\"inLanguage\":\"fr-FR\",\"@id\":\"https:\\\/\\\/dirkvanbabylon.com\\\/fr\\\/essais\\\/nuit-obscure\\\/#primaryimage\",\"url\":\"\",\"contentUrl\":\"\",\"width\":2560,\"height\":2368},{\"@type\":\"BreadcrumbList\",\"@id\":\"https:\\\/\\\/dirkvanbabylon.com\\\/fr\\\/essais\\\/nuit-obscure\\\/#breadcrumb\",\"itemListElement\":[{\"@type\":\"ListItem\",\"position\":1,\"name\":\"Home\",\"item\":\"https:\\\/\\\/dirkvanbabylon.com\\\/fr\\\/\"},{\"@type\":\"ListItem\",\"position\":2,\"name\":\"Nuit obscure\"}]},{\"@type\":\"WebSite\",\"@id\":\"https:\\\/\\\/dirkvanbabylon.com\\\/fr\\\/#website\",\"url\":\"https:\\\/\\\/dirkvanbabylon.com\\\/fr\\\/\",\"name\":\"dirk van babylon\",\"description\":\"\",\"potentialAction\":[{\"@type\":\"SearchAction\",\"target\":{\"@type\":\"EntryPoint\",\"urlTemplate\":\"https:\\\/\\\/dirkvanbabylon.com\\\/fr\\\/?s={search_term_string}\"},\"query-input\":{\"@type\":\"PropertyValueSpecification\",\"valueRequired\":true,\"valueName\":\"search_term_string\"}}],\"inLanguage\":\"fr-FR\"},{\"@type\":\"Person\",\"@id\":\"https:\\\/\\\/dirkvanbabylon.com\\\/fr\\\/#\\\/schema\\\/person\\\/29fbc998a0803b057baa9e614a16c000\",\"name\":\"Olivier Lichtenberg\",\"image\":{\"@type\":\"ImageObject\",\"inLanguage\":\"fr-FR\",\"@id\":\"https:\\\/\\\/secure.gravatar.com\\\/avatar\\\/a862c31cbcb4aed728191035231a4104ee20c5691bad552519f1df1719b788e3?s=96&d=mm&r=g\",\"url\":\"https:\\\/\\\/secure.gravatar.com\\\/avatar\\\/a862c31cbcb4aed728191035231a4104ee20c5691bad552519f1df1719b788e3?s=96&d=mm&r=g\",\"contentUrl\":\"https:\\\/\\\/secure.gravatar.com\\\/avatar\\\/a862c31cbcb4aed728191035231a4104ee20c5691bad552519f1df1719b788e3?s=96&d=mm&r=g\",\"caption\":\"Olivier Lichtenberg\"},\"description\":\"Olivier Lichtenberg grew up in an environment where borders, languages, and cultures intersect. He studied German language and culture, specializing in linguistics and economics at the universities of Strasbourg, Berlin, and Lille. After a first career in marketing for the luxury hospitality sector in Brussels and London, he transitioned to teaching. He became a German teacher and an International Baccalaureate instructor of German and French at international schools in Asia\u2014in Beijing, Hanoi, Manila, and Kuala Lumpur. He then devoted nine years to private research in a variety of fields, culminating in the publication of a series of books. Olivier has been fascinated his whole life by the Far East and the contrasting philosophical intuitions it evokes. His focus gradually shifted from personal and intimate encounters, over language and culture to the deeper mechanisms of epistemology. During his years in Asia, he encountered Eastern thought, which prompted him to intensively investigate the structural differences in how civilizations perceive knowledge, value, and reality. His research was informed by thinkers such as Heraclitus, Laozi, Leibniz, Iain McGilchrist, Paul Mus, and Tran Duc Thao, whose insights paved the way for an innovative synthesis. Iain McGilchrist's hypothesis of hemispheric asymmetry, in particular, offered the final key to unlocking an epistemological impasse that had fascinated him for decades. His work represents both a culmination and a continuation of this age-old dialogue. Lichtenberg's intellectual journey began with intimate exposure to cultural boundaries from childhood, fostering an early sensitivity to the relativity of worldviews. His extended residence in Asia\u2014particularly transformative years in Beijing and Hanoi\u2014provided direct encounter with alternative epistemological frameworks that challenged Western assumptions about knowledge and reality. This experiential foundation sparked systematic inquiry into the mechanics of epistemology, leading to investigation of how different civilizations construct and validate knowledge. The author's multilingual background enabled access to primary sources across traditions, while his economic training provided analytical tools for examining the practical implications of philosophical divergence. Key intellectual influences emerged through engagement with overlooked thinkers: Hans F\u00fcrstenberg's dialectical vision of the 21st century revealed possibilities for synthesis beyond binary opposition; Iain McGilchrist's hemispheric analysis provided neurological grounding for civilizational differences; Ernst Bloch's metaphorical interpretation of religion suggested pathways beyond literal dogmatism. Paul Mus's cross-cultural mediation and Albert Schweitzer's universal ethics demonstrated practical applications of philosophical integration. The synthesis of these insights, combined with direct observation of East-West dynamics in contemporary Asia, enabled recognition of the profound epistemological crisis underlying current global tensions, transforming personal cultural curiosity into systematic analysis of civilizational psychology and its practical implications for human development.\",\"sameAs\":[\"https:\\\/\\\/eastwestsharing.blogspot.com\\\/%20\",\"https:\\\/\\\/www.youtube.com\\\/@OlivierLichtenberg\"],\"url\":\"https:\\\/\\\/dirkvanbabylon.com\\\/fr\\\/author\\\/olivier\\\/\"}]}<\/script>\n<!-- \/ Yoast SEO plugin. -->","yoast_head_json":{"title":"Nuit obscure - dirk van babylon","robots":{"index":"index","follow":"follow","max-snippet":"max-snippet:-1","max-image-preview":"max-image-preview:large","max-video-preview":"max-video-preview:-1"},"canonical":"https:\/\/dirkvanbabylon.com\/fr\/essais\/nuit-obscure\/","og_locale":"fr_FR","og_type":"article","og_title":"Nuit obscure - dirk van babylon","og_description":"Nuit obscure R\u00e9flexions autour de la nuit obscure de l\u2019\u00e2me. \u00c0 la suite d\u2019un exercice d\u2019\u00e9criture propos\u00e9 dans notre cercle de po\u00e8tes [...]","og_url":"https:\/\/dirkvanbabylon.com\/fr\/essais\/nuit-obscure\/","og_site_name":"dirk van babylon","article_published_time":"2020-09-14T08:24:51+00:00","article_modified_time":"2026-09-03T04:35:51+00:00","author":"Olivier Lichtenberg","twitter_card":"summary_large_image","twitter_misc":{"\u00c9crit par":"Olivier Lichtenberg","Dur\u00e9e de lecture estim\u00e9e":"16 minutes"},"schema":{"@context":"https:\/\/schema.org","@graph":[{"@type":"Article","@id":"https:\/\/dirkvanbabylon.com\/fr\/essais\/nuit-obscure\/#article","isPartOf":{"@id":"https:\/\/dirkvanbabylon.com\/fr\/essais\/nuit-obscure\/"},"author":{"name":"Olivier Lichtenberg","@id":"https:\/\/dirkvanbabylon.com\/fr\/#\/schema\/person\/29fbc998a0803b057baa9e614a16c000"},"headline":"Nuit obscure","datePublished":"2020-09-14T08:24:51+00:00","dateModified":"2026-09-03T04:35:51+00:00","mainEntityOfPage":{"@id":"https:\/\/dirkvanbabylon.com\/fr\/essais\/nuit-obscure\/"},"wordCount":4025,"commentCount":0,"image":{"@id":"https:\/\/dirkvanbabylon.com\/fr\/essais\/nuit-obscure\/#primaryimage"},"thumbnailUrl":"","keywords":["Dirk van Babylon"],"articleSection":["Essais"],"inLanguage":"fr-FR","potentialAction":[{"@type":"CommentAction","name":"Comment","target":["https:\/\/dirkvanbabylon.com\/fr\/essais\/nuit-obscure\/#respond"]}]},{"@type":"WebPage","@id":"https:\/\/dirkvanbabylon.com\/fr\/essais\/nuit-obscure\/","url":"https:\/\/dirkvanbabylon.com\/fr\/essais\/nuit-obscure\/","name":"Nuit obscure - dirk van babylon","isPartOf":{"@id":"https:\/\/dirkvanbabylon.com\/fr\/#website"},"primaryImageOfPage":{"@id":"https:\/\/dirkvanbabylon.com\/fr\/essais\/nuit-obscure\/#primaryimage"},"image":{"@id":"https:\/\/dirkvanbabylon.com\/fr\/essais\/nuit-obscure\/#primaryimage"},"thumbnailUrl":"","datePublished":"2020-09-14T08:24:51+00:00","dateModified":"2026-09-03T04:35:51+00:00","author":{"@id":"https:\/\/dirkvanbabylon.com\/fr\/#\/schema\/person\/29fbc998a0803b057baa9e614a16c000"},"breadcrumb":{"@id":"https:\/\/dirkvanbabylon.com\/fr\/essais\/nuit-obscure\/#breadcrumb"},"inLanguage":"fr-FR","potentialAction":[{"@type":"ReadAction","target":["https:\/\/dirkvanbabylon.com\/fr\/essais\/nuit-obscure\/"]}]},{"@type":"ImageObject","inLanguage":"fr-FR","@id":"https:\/\/dirkvanbabylon.com\/fr\/essais\/nuit-obscure\/#primaryimage","url":"","contentUrl":"","width":2560,"height":2368},{"@type":"BreadcrumbList","@id":"https:\/\/dirkvanbabylon.com\/fr\/essais\/nuit-obscure\/#breadcrumb","itemListElement":[{"@type":"ListItem","position":1,"name":"Home","item":"https:\/\/dirkvanbabylon.com\/fr\/"},{"@type":"ListItem","position":2,"name":"Nuit obscure"}]},{"@type":"WebSite","@id":"https:\/\/dirkvanbabylon.com\/fr\/#website","url":"https:\/\/dirkvanbabylon.com\/fr\/","name":"dirk van babylon","description":"","potentialAction":[{"@type":"SearchAction","target":{"@type":"EntryPoint","urlTemplate":"https:\/\/dirkvanbabylon.com\/fr\/?s={search_term_string}"},"query-input":{"@type":"PropertyValueSpecification","valueRequired":true,"valueName":"search_term_string"}}],"inLanguage":"fr-FR"},{"@type":"Person","@id":"https:\/\/dirkvanbabylon.com\/fr\/#\/schema\/person\/29fbc998a0803b057baa9e614a16c000","name":"Olivier Lichtenberg","image":{"@type":"ImageObject","inLanguage":"fr-FR","@id":"https:\/\/secure.gravatar.com\/avatar\/a862c31cbcb4aed728191035231a4104ee20c5691bad552519f1df1719b788e3?s=96&d=mm&r=g","url":"https:\/\/secure.gravatar.com\/avatar\/a862c31cbcb4aed728191035231a4104ee20c5691bad552519f1df1719b788e3?s=96&d=mm&r=g","contentUrl":"https:\/\/secure.gravatar.com\/avatar\/a862c31cbcb4aed728191035231a4104ee20c5691bad552519f1df1719b788e3?s=96&d=mm&r=g","caption":"Olivier Lichtenberg"},"description":"Olivier Lichtenberg grew up in an environment where borders, languages, and cultures intersect. He studied German language and culture, specializing in linguistics and economics at the universities of Strasbourg, Berlin, and Lille. After a first career in marketing for the luxury hospitality sector in Brussels and London, he transitioned to teaching. He became a German teacher and an International Baccalaureate instructor of German and French at international schools in Asia\u2014in Beijing, Hanoi, Manila, and Kuala Lumpur. He then devoted nine years to private research in a variety of fields, culminating in the publication of a series of books. Olivier has been fascinated his whole life by the Far East and the contrasting philosophical intuitions it evokes. His focus gradually shifted from personal and intimate encounters, over language and culture to the deeper mechanisms of epistemology. During his years in Asia, he encountered Eastern thought, which prompted him to intensively investigate the structural differences in how civilizations perceive knowledge, value, and reality. His research was informed by thinkers such as Heraclitus, Laozi, Leibniz, Iain McGilchrist, Paul Mus, and Tran Duc Thao, whose insights paved the way for an innovative synthesis. Iain McGilchrist's hypothesis of hemispheric asymmetry, in particular, offered the final key to unlocking an epistemological impasse that had fascinated him for decades. His work represents both a culmination and a continuation of this age-old dialogue. Lichtenberg's intellectual journey began with intimate exposure to cultural boundaries from childhood, fostering an early sensitivity to the relativity of worldviews. His extended residence in Asia\u2014particularly transformative years in Beijing and Hanoi\u2014provided direct encounter with alternative epistemological frameworks that challenged Western assumptions about knowledge and reality. This experiential foundation sparked systematic inquiry into the mechanics of epistemology, leading to investigation of how different civilizations construct and validate knowledge. The author's multilingual background enabled access to primary sources across traditions, while his economic training provided analytical tools for examining the practical implications of philosophical divergence. Key intellectual influences emerged through engagement with overlooked thinkers: Hans F\u00fcrstenberg's dialectical vision of the 21st century revealed possibilities for synthesis beyond binary opposition; Iain McGilchrist's hemispheric analysis provided neurological grounding for civilizational differences; Ernst Bloch's metaphorical interpretation of religion suggested pathways beyond literal dogmatism. Paul Mus's cross-cultural mediation and Albert Schweitzer's universal ethics demonstrated practical applications of philosophical integration. The synthesis of these insights, combined with direct observation of East-West dynamics in contemporary Asia, enabled recognition of the profound epistemological crisis underlying current global tensions, transforming personal cultural curiosity into systematic analysis of civilizational psychology and its practical implications for human development.","sameAs":["https:\/\/eastwestsharing.blogspot.com\/%20","https:\/\/www.youtube.com\/@OlivierLichtenberg"],"url":"https:\/\/dirkvanbabylon.com\/fr\/author\/olivier\/"}]}},"_links":{"self":[{"href":"https:\/\/dirkvanbabylon.com\/fr\/wp-json\/wp\/v2\/posts\/17781","targetHints":{"allow":["GET"]}}],"collection":[{"href":"https:\/\/dirkvanbabylon.com\/fr\/wp-json\/wp\/v2\/posts"}],"about":[{"href":"https:\/\/dirkvanbabylon.com\/fr\/wp-json\/wp\/v2\/types\/post"}],"author":[{"embeddable":true,"href":"https:\/\/dirkvanbabylon.com\/fr\/wp-json\/wp\/v2\/users\/9"}],"replies":[{"embeddable":true,"href":"https:\/\/dirkvanbabylon.com\/fr\/wp-json\/wp\/v2\/comments?post=17781"}],"version-history":[{"count":2,"href":"https:\/\/dirkvanbabylon.com\/fr\/wp-json\/wp\/v2\/posts\/17781\/revisions"}],"predecessor-version":[{"id":17789,"href":"https:\/\/dirkvanbabylon.com\/fr\/wp-json\/wp\/v2\/posts\/17781\/revisions\/17789"}],"wp:featuredmedia":[{"embeddable":true,"href":"https:\/\/dirkvanbabylon.com\/fr\/wp-json\/wp\/v2\/media\/12416"}],"wp:attachment":[{"href":"https:\/\/dirkvanbabylon.com\/fr\/wp-json\/wp\/v2\/media?parent=17781"}],"wp:term":[{"taxonomy":"category","embeddable":true,"href":"https:\/\/dirkvanbabylon.com\/fr\/wp-json\/wp\/v2\/categories?post=17781"},{"taxonomy":"post_tag","embeddable":true,"href":"https:\/\/dirkvanbabylon.com\/fr\/wp-json\/wp\/v2\/tags?post=17781"}],"curies":[{"name":"wp","href":"https:\/\/api.w.org\/{rel}","templated":true}]}}